{"id":2037,"date":"2024-10-14T16:16:53","date_gmt":"2024-10-14T16:16:53","guid":{"rendered":"https:\/\/medtis.ch\/?p=2037"},"modified":"2025-01-16T16:33:19","modified_gmt":"2025-01-16T16:33:19","slug":"lung-at","status":"publish","type":"post","link":"https:\/\/medtis.ch\/en\/2024\/10\/14\/lung-at\/","title":{"rendered":"Connected in Lung Cancer"},"content":{"rendered":"<figure class=\"wp-block-image size-large is-resized\"><img fetchpriority=\"high\" decoding=\"async\" width=\"1024\" height=\"238\" src=\"https:\/\/medtis.ch\/wp-content\/uploads\/2024\/10\/Bildschirmfoto-2024-10-08-um-20.13.19-1024x238.png\" alt=\"\" class=\"wp-image-2038\" style=\"width:812px;height:auto\" srcset=\"https:\/\/medtis.ch\/wp-content\/uploads\/2024\/10\/Bildschirmfoto-2024-10-08-um-20.13.19-1024x238.png 1024w, https:\/\/medtis.ch\/wp-content\/uploads\/2024\/10\/Bildschirmfoto-2024-10-08-um-20.13.19-300x70.png 300w, https:\/\/medtis.ch\/wp-content\/uploads\/2024\/10\/Bildschirmfoto-2024-10-08-um-20.13.19-768x179.png 768w, https:\/\/medtis.ch\/wp-content\/uploads\/2024\/10\/Bildschirmfoto-2024-10-08-um-20.13.19-1536x358.png 1536w, https:\/\/medtis.ch\/wp-content\/uploads\/2024\/10\/Bildschirmfoto-2024-10-08-um-20.13.19-18x4.png 18w, https:\/\/medtis.ch\/wp-content\/uploads\/2024\/10\/Bildschirmfoto-2024-10-08-um-20.13.19.png 1898w\" sizes=\"(max-width: 1024px) 100vw, 1024px\" \/><\/figure>\n\n\n\n<p><strong>Dienstag, 14. J\u00e4nner 2025 in Wien<\/strong>, <strong>17h00 &#8211; 19h05<\/strong><br>Wichtige Highlights von internationalen Kongressen f\u00fcr die \u00f6sterreichische Praxis zusammengefasst<\/p>\n\n\n\n<div style=\"height:38px\" aria-hidden=\"true\" class=\"wp-block-spacer\"><\/div>\n\n\n\n<p>Sehr geehrte Kolleginnen und Kollegen,<\/p>\n\n\n\n<p>Ich lade ich Sie herzlich zu unserer Veranstaltung <em><strong>Connected in Lung Cancer &#8211; Wichtige Highlights f\u00fcr die \u00f6sterreichische Praxis<\/strong> <strong>zusammengefasst<\/strong><\/em> am 14. J\u00e4nner 2024 in Wien ein. Wir freuen uns, Ihnen die spannendsten Erkenntnisse aus den internationalen Kongressen des vergangenen Jahres (ELCC, WCLC, ESMO, ASCO) als Start in das neue Jahr kompakt pr\u00e4sentieren zu d\u00fcrfen.<\/p>\n\n\n\n<p>In praxisnahen Vortr\u00e4gen werden wir die neuesten Entwicklungen im Bereich der Lungenkrebsforschung zusammenfassen und ihre Relevanz f\u00fcr die t\u00e4gliche klinische Praxis in \u00d6sterreich diskutieren. Nutzen Sie diese Gelegenheit, um sich auf den aktuellsten Stand zu bringen und sich auszutauschen.<\/p>\n\n\n\n<p>Wir freuen uns auf Ihre Teilnahme!<\/p>\n\n\n\n<p>Mit freundlichen Gr\u00fc\u00dfen,<\/p>\n\n\n\n<p><strong>OA Dr. Maximilian Hochmair <\/strong><br>Klinik Floridsdorf <\/p>\n\n\n\n<div style=\"height:41px\" aria-hidden=\"true\" class=\"wp-block-spacer\"><\/div>\n\n\n\n<figure class=\"wp-block-image size-large\"><img decoding=\"async\" width=\"1024\" height=\"566\" src=\"https:\/\/medtis.ch\/wp-content\/uploads\/2024\/10\/Bildschirmfoto-2024-10-14-um-17.38.35-1024x566.png\" alt=\"\" class=\"wp-image-2067\" srcset=\"https:\/\/medtis.ch\/wp-content\/uploads\/2024\/10\/Bildschirmfoto-2024-10-14-um-17.38.35-1024x566.png 1024w, https:\/\/medtis.ch\/wp-content\/uploads\/2024\/10\/Bildschirmfoto-2024-10-14-um-17.38.35-300x166.png 300w, https:\/\/medtis.ch\/wp-content\/uploads\/2024\/10\/Bildschirmfoto-2024-10-14-um-17.38.35-768x424.png 768w, https:\/\/medtis.ch\/wp-content\/uploads\/2024\/10\/Bildschirmfoto-2024-10-14-um-17.38.35-1536x848.png 1536w, https:\/\/medtis.ch\/wp-content\/uploads\/2024\/10\/Bildschirmfoto-2024-10-14-um-17.38.35-2048x1131.png 2048w, https:\/\/medtis.ch\/wp-content\/uploads\/2024\/10\/Bildschirmfoto-2024-10-14-um-17.38.35-18x10.png 18w\" sizes=\"(max-width: 1024px) 100vw, 1024px\" \/><\/figure>\n\n\n\n<div style=\"height:47px\" aria-hidden=\"true\" class=\"wp-block-spacer\"><\/div>\n\n\n\n<h4 class=\"wp-block-heading has-medium-font-size\"><strong>Anmeldung &amp;  DFP-Punkte<\/strong> <\/h4>\n\n\n\n<p>Die Anmeldung ist f\u00fcr \u00f6sterreichische \u00c4rztinnen und \u00c4rzte kostenlos.<br>F\u00fcr die Veranstaltung wurden DFP-Punkte der \u00d6sterreichischen \u00c4rztekammer im Fach Innere Medizin (H\u00e4matologie und Internistische Onkologie) beantragt. <\/p>\n\n\n\n<div style=\"height:43px\" aria-hidden=\"true\" class=\"wp-block-spacer\"><\/div>\n\n\n\n<p><strong>Die Registration ist geschlossen.<\/strong><\/p>\n\n\n\n<div style=\"height:100px\" aria-hidden=\"true\" class=\"wp-block-spacer\"><\/div>\n\n\n\n<p><strong>\u00c4rztlicher Fortbildungsanbieter\/Wissenschaftlicher Kooperationspartner<\/strong><\/p>\n\n\n\n<figure class=\"wp-block-image size-large is-resized\"><img decoding=\"async\" width=\"1024\" height=\"234\" src=\"https:\/\/medtis.ch\/wp-content\/uploads\/2024\/10\/O.a._OeGHO_Jubilaeumslogo_Initiative_quer_final-1024x234.png\" alt=\"\" class=\"wp-image-2240\" style=\"width:431px;height:auto\" srcset=\"https:\/\/medtis.ch\/wp-content\/uploads\/2024\/10\/O.a._OeGHO_Jubilaeumslogo_Initiative_quer_final-1024x234.png 1024w, https:\/\/medtis.ch\/wp-content\/uploads\/2024\/10\/O.a._OeGHO_Jubilaeumslogo_Initiative_quer_final-300x68.png 300w, https:\/\/medtis.ch\/wp-content\/uploads\/2024\/10\/O.a._OeGHO_Jubilaeumslogo_Initiative_quer_final-768x175.png 768w, https:\/\/medtis.ch\/wp-content\/uploads\/2024\/10\/O.a._OeGHO_Jubilaeumslogo_Initiative_quer_final-1536x350.png 1536w, https:\/\/medtis.ch\/wp-content\/uploads\/2024\/10\/O.a._OeGHO_Jubilaeumslogo_Initiative_quer_final-2048x467.png 2048w, https:\/\/medtis.ch\/wp-content\/uploads\/2024\/10\/O.a._OeGHO_Jubilaeumslogo_Initiative_quer_final-18x4.png 18w\" sizes=\"(max-width: 1024px) 100vw, 1024px\" \/><\/figure>\n\n\n\n<p><\/p>\n\n\n\n<div style=\"height:47px\" aria-hidden=\"true\" class=\"wp-block-spacer\"><\/div>\n\n\n\n<p><strong>Veranstaltungsort<\/strong><\/p>\n\n\n\n<p>Novotel Wien Hauptbahnhof<br>Canettistra\u00dfe 6, 1100 Wien&nbsp;<br>\u00d6sterreich<\/p>","protected":false},"excerpt":{"rendered":"<p>Wichtige Highlights von internationalen Kongressen f\u00fcr die \u00f6sterreichische Praxis zusammengefasst<\/p>","protected":false},"author":1,"featured_media":2040,"comment_status":"open","ping_status":"open","sticky":false,"template":"","format":"standard","meta":{"footnotes":""},"categories":[16,45,56],"tags":[126],"class_list":["post-2037","post","type-post","status-publish","format-standard","has-post-thumbnail","hentry","category-austria","category-oncology","category-passed","tag-14-januar-2025"],"_links":{"self":[{"href":"https:\/\/medtis.ch\/en\/wp-json\/wp\/v2\/posts\/2037","targetHints":{"allow":["GET"]}}],"collection":[{"href":"https:\/\/medtis.ch\/en\/wp-json\/wp\/v2\/posts"}],"about":[{"href":"https:\/\/medtis.ch\/en\/wp-json\/wp\/v2\/types\/post"}],"author":[{"embeddable":true,"href":"https:\/\/medtis.ch\/en\/wp-json\/wp\/v2\/users\/1"}],"replies":[{"embeddable":true,"href":"https:\/\/medtis.ch\/en\/wp-json\/wp\/v2\/comments?post=2037"}],"version-history":[{"count":8,"href":"https:\/\/medtis.ch\/en\/wp-json\/wp\/v2\/posts\/2037\/revisions"}],"predecessor-version":[{"id":2278,"href":"https:\/\/medtis.ch\/en\/wp-json\/wp\/v2\/posts\/2037\/revisions\/2278"}],"wp:featuredmedia":[{"embeddable":true,"href":"https:\/\/medtis.ch\/en\/wp-json\/wp\/v2\/media\/2040"}],"wp:attachment":[{"href":"https:\/\/medtis.ch\/en\/wp-json\/wp\/v2\/media?parent=2037"}],"wp:term":[{"taxonomy":"category","embeddable":true,"href":"https:\/\/medtis.ch\/en\/wp-json\/wp\/v2\/categories?post=2037"},{"taxonomy":"post_tag","embeddable":true,"href":"https:\/\/medtis.ch\/en\/wp-json\/wp\/v2\/tags?post=2037"}],"curies":[{"name":"wp","href":"https:\/\/api.w.org\/{rel}","templated":true}]}}