{"id":2579,"date":"2025-06-12T12:07:07","date_gmt":"2025-06-12T12:07:07","guid":{"rendered":"https:\/\/medtis.ch\/?p=2579"},"modified":"2025-09-17T14:06:34","modified_gmt":"2025-09-17T14:06:34","slug":"oncominds-lausanne","status":"publish","type":"post","link":"https:\/\/medtis.ch\/en\/2025\/06\/12\/oncominds-lausanne\/","title":{"rendered":"Battle of Onco-Minds Lausanne"},"content":{"rendered":"<figure class=\"wp-block-image size-large is-resized\"><img fetchpriority=\"high\" decoding=\"async\" width=\"1024\" height=\"706\" src=\"https:\/\/medtis.ch\/wp-content\/uploads\/2025\/06\/Bildschirmfoto-2025-09-03-um-16.17.00-1024x706.png\" alt=\"\" class=\"wp-image-2763\" style=\"width:768px;height:auto\" srcset=\"https:\/\/medtis.ch\/wp-content\/uploads\/2025\/06\/Bildschirmfoto-2025-09-03-um-16.17.00-1024x706.png 1024w, https:\/\/medtis.ch\/wp-content\/uploads\/2025\/06\/Bildschirmfoto-2025-09-03-um-16.17.00-300x207.png 300w, https:\/\/medtis.ch\/wp-content\/uploads\/2025\/06\/Bildschirmfoto-2025-09-03-um-16.17.00-768x529.png 768w\" sizes=\"(max-width: 1024px) 100vw, 1024px\" \/><\/figure>\n\n\n\n<p>16 Septembre 2025, 18h00 &#8211; 19h30<br>Langue: French<br><br>Un aper\u00e7u des \u00e9tudes actuelles en uro-oncologie, avec un accent particulier sur le cancer de la prostate, ainsi que des discussions interdisciplinaires de cas cliniques vous attendent. \u00c9changez avec des experts en uro-oncologie, en urologie et en radio-oncologie.<\/p>\n\n\n\n<p>Ce qui vous attend sur place :<\/p>\n\n\n\n<p><strong>State of the Art<\/strong>&nbsp;: un aper\u00e7u des \u00e9tudes actuelles en uro-oncologie du point de vue de :<\/p>\n\n\n\n<ul class=\"wp-block-list\">\n<li>l\u2019urologie<\/li>\n\n\n\n<li>l\u2019uro-oncologie<\/li>\n\n\n\n<li>la radio-oncologie<\/li>\n<\/ul>\n\n\n\n<p><\/p>\n\n\n\n<p><strong>Discussions interdisciplinaires de cas cliniques<\/strong><\/p>\n\n\n\n<div style=\"height:37px\" aria-hidden=\"true\" class=\"wp-block-spacer\"><\/div>\n\n\n\n<h4 class=\"wp-block-heading\"><strong>Programme<\/strong><\/h4>\n\n\n\n<figure class=\"wp-block-image size-large\"><img decoding=\"async\" width=\"1024\" height=\"579\" src=\"https:\/\/medtis.ch\/wp-content\/uploads\/2025\/06\/Bildschirmfoto-2025-09-03-um-16.20.48-1024x579.png\" alt=\"\" class=\"wp-image-2767\" srcset=\"https:\/\/medtis.ch\/wp-content\/uploads\/2025\/06\/Bildschirmfoto-2025-09-03-um-16.20.48-1024x579.png 1024w, https:\/\/medtis.ch\/wp-content\/uploads\/2025\/06\/Bildschirmfoto-2025-09-03-um-16.20.48-300x170.png 300w, https:\/\/medtis.ch\/wp-content\/uploads\/2025\/06\/Bildschirmfoto-2025-09-03-um-16.20.48-768x434.png 768w\" sizes=\"(max-width: 1024px) 100vw, 1024px\" \/><\/figure>\n\n\n\n<div class=\"wp-block-file\"><a id=\"wp-block-file--media-c250d488-e97e-4a5e-9e3c-c2e1b7f425d8\" href=\"https:\/\/medtis.ch\/wp-content\/uploads\/2025\/06\/BoOM_FR.pdf\">PDF Programme<\/a><a href=\"https:\/\/medtis.ch\/wp-content\/uploads\/2025\/06\/BoOM_FR.pdf\" class=\"wp-block-file__button wp-element-button\" download aria-describedby=\"wp-block-file--media-c250d488-e97e-4a5e-9e3c-c2e1b7f425d8\">Download<\/a><\/div>\n\n\n\n<p><br><br><\/p>\n\n\n\n<div style=\"height:35px\" aria-hidden=\"true\" class=\"wp-block-spacer\"><\/div>\n\n\n\n<h4 class=\"wp-block-heading\"><strong>CME Cr\u00e9dits<\/strong><\/h4>\n\n\n\n<p>2 Soci\u00e9t\u00e9 Suisse d&#8217;Urologie (SSU)<br>2 Soci\u00e9t\u00e9 Suisse d\u2019Oncologie M\u00e9dicale (SSMO)<\/p>\n\n\n\n<div style=\"height:36px\" aria-hidden=\"true\" class=\"wp-block-spacer\"><\/div>\n\n\n\n<h4 class=\"wp-block-heading\"><strong>Lieu de l&#8217;\u00e9v\u00e9nement <\/strong><\/h4>\n\n\n\n<p>Alpha-Palmiers By Fassbind&nbsp;<br>Rue de Petit-Ch\u00eane 34<br>1003 Lausanne<\/p>\n\n\n\n<p><\/p>","protected":false},"excerpt":{"rendered":"<p>Perspectives interdisciplinaires et approaches innovantes en uro-oncologie<\/p>","protected":false},"author":1,"featured_media":2580,"comment_status":"open","ping_status":"open","sticky":false,"template":"","format":"standard","meta":{"footnotes":""},"categories":[45,56,137],"tags":[152],"class_list":["post-2579","post","type-post","status-publish","format-standard","has-post-thumbnail","hentry","category-oncology","category-passed","category-urology","tag-16-septembre-2025"],"_links":{"self":[{"href":"https:\/\/medtis.ch\/en\/wp-json\/wp\/v2\/posts\/2579","targetHints":{"allow":["GET"]}}],"collection":[{"href":"https:\/\/medtis.ch\/en\/wp-json\/wp\/v2\/posts"}],"about":[{"href":"https:\/\/medtis.ch\/en\/wp-json\/wp\/v2\/types\/post"}],"author":[{"embeddable":true,"href":"https:\/\/medtis.ch\/en\/wp-json\/wp\/v2\/users\/1"}],"replies":[{"embeddable":true,"href":"https:\/\/medtis.ch\/en\/wp-json\/wp\/v2\/comments?post=2579"}],"version-history":[{"count":19,"href":"https:\/\/medtis.ch\/en\/wp-json\/wp\/v2\/posts\/2579\/revisions"}],"predecessor-version":[{"id":2787,"href":"https:\/\/medtis.ch\/en\/wp-json\/wp\/v2\/posts\/2579\/revisions\/2787"}],"wp:featuredmedia":[{"embeddable":true,"href":"https:\/\/medtis.ch\/en\/wp-json\/wp\/v2\/media\/2580"}],"wp:attachment":[{"href":"https:\/\/medtis.ch\/en\/wp-json\/wp\/v2\/media?parent=2579"}],"wp:term":[{"taxonomy":"category","embeddable":true,"href":"https:\/\/medtis.ch\/en\/wp-json\/wp\/v2\/categories?post=2579"},{"taxonomy":"post_tag","embeddable":true,"href":"https:\/\/medtis.ch\/en\/wp-json\/wp\/v2\/tags?post=2579"}],"curies":[{"name":"wp","href":"https:\/\/api.w.org\/{rel}","templated":true}]}}