{"id":2956,"date":"2025-10-14T14:22:00","date_gmt":"2025-10-14T14:22:00","guid":{"rendered":"https:\/\/medtis.ch\/?p=2956"},"modified":"2026-01-23T13:32:07","modified_gmt":"2026-01-23T13:32:07","slug":"3gi","status":"publish","type":"post","link":"https:\/\/medtis.ch\/en\/2025\/10\/14\/3gi\/","title":{"rendered":"3. Connected in GI Cancer"},"content":{"rendered":"<p class=\"has-medium-font-size\"><strong>Donnerstag, 15. J\u00e4nner 2025 in Wien<\/strong><br>Praxisrelevante Studien f\u00fcr die \u00f6sterreichische Praxis zusammengefasst<\/p>\n\n\n\n<div style=\"height:37px\" aria-hidden=\"true\" class=\"wp-block-spacer\"><\/div>\n\n\n\n<p>Liebe Kolleginnen und Kollegen,<\/p>\n\n\n\n<p>Ich freue mich, euch herzlich zum \u00ab3. Connected in GI Cancer 2026\u00bb Event einzuladen \u2013 einem kompakten Erfahrungsaustausch \u00fcber praxisrelevante Highlights aus internationalen Kongressen wie ESMO, ASCO, ASCO GI, WCGIC und Publikationen. <\/p>\n\n\n\n<p>In der sich rasch entwickelnden Welt der gastrointestinalen Onkologie ist es von entscheidender Bedeutung, auf dem neuesten Stand zu bleiben. Gemeinsam werden wir die j\u00fcngsten Erkenntnisse zu Diagnose, Therapie und pr\u00e4ventiven Ans\u00e4tzen f\u00fcr GI-Krebsarten erkunden.<\/p>\n\n\n\n<p>Lasst uns zusammenkommen, um unsere Perspektiven zu erweitern, voneinander zu lernen und unsere Patientenversorgung zu optimieren. Ich freue mich darauf, euch beim \u00ab3. Connected in GI Cancer\u00bb Event zu sehen.<\/p>\n\n\n\n<p>Mit freundlichen Gr\u00fc\u00dfen,<\/p>\n\n\n\n<p><strong>Assoc. Prof. Priv.-Doz. Dr. med. univ.<\/strong>&nbsp;<br><strong>Gerald Prager<\/strong><br>MedUni Wien<\/p>\n\n\n\n<div style=\"height:61px\" aria-hidden=\"true\" class=\"wp-block-spacer\"><\/div>\n\n\n\n<h4 class=\"wp-block-heading has-medium-font-size\"><strong>Anmeldung &amp; DFP-Punkte<\/strong> <\/h4>\n\n\n\n<p>Die Anmeldung ist f\u00fcr \u00f6sterreichische \u00c4rztinnen und \u00c4rzte kostenlos. Die Anmeldung ist geschlossen.<br>F\u00fcr die Veranstaltung werden 3 DFP-Punkte <em>(ID 1039653)<\/em> der \u00d6sterreichischen \u00c4rztekammer im Fach Innere Medizin (H\u00e4matologie und Internistische Onkologie) vergeben.<\/p>\n\n\n\n<div style=\"height:23px\" aria-hidden=\"true\" class=\"wp-block-spacer\"><\/div>\n\n\n\n<div style=\"height:45px\" aria-hidden=\"true\" class=\"wp-block-spacer\"><\/div>\n\n\n\n<h4 class=\"wp-block-heading\"><strong>Programm<\/strong><\/h4>\n\n\n\n<figure class=\"wp-block-image size-large\"><img fetchpriority=\"high\" decoding=\"async\" width=\"1024\" height=\"727\" src=\"https:\/\/medtis.ch\/wp-content\/uploads\/2025\/10\/2026_ConnectedGI_Programm-1024x727.png\" alt=\"\" class=\"wp-image-3155\" srcset=\"https:\/\/medtis.ch\/wp-content\/uploads\/2025\/10\/2026_ConnectedGI_Programm-1024x727.png 1024w, https:\/\/medtis.ch\/wp-content\/uploads\/2025\/10\/2026_ConnectedGI_Programm-300x213.png 300w, https:\/\/medtis.ch\/wp-content\/uploads\/2025\/10\/2026_ConnectedGI_Programm-768x545.png 768w, https:\/\/medtis.ch\/wp-content\/uploads\/2025\/10\/2026_ConnectedGI_Programm-1536x1091.png 1536w, https:\/\/medtis.ch\/wp-content\/uploads\/2025\/10\/2026_ConnectedGI_Programm-2048x1454.png 2048w, https:\/\/medtis.ch\/wp-content\/uploads\/2025\/10\/2026_ConnectedGI_Programm-18x12.png 18w\" sizes=\"(max-width: 1024px) 100vw, 1024px\" \/><\/figure>\n\n\n\n<div style=\"height:45px\" aria-hidden=\"true\" class=\"wp-block-spacer\"><\/div>\n\n\n\n<h4 class=\"wp-block-heading has-medium-font-size\"><strong>\u00c4rztlicher Fortbildungsanbieter\/<\/strong><br><strong>Wissenschaftlicher Kooperationspartner<\/strong><\/h4>\n\n\n\n<figure class=\"wp-block-image size-large is-resized\"><img decoding=\"async\" width=\"1024\" height=\"234\" src=\"https:\/\/medtis.ch\/wp-content\/uploads\/2024\/09\/O.a._OeGHO_Jubilaeumslogo_Initiative_quer_final-1024x234.png\" alt=\"\" class=\"wp-image-2236\" style=\"width:351px;height:auto\" srcset=\"https:\/\/medtis.ch\/wp-content\/uploads\/2024\/09\/O.a._OeGHO_Jubilaeumslogo_Initiative_quer_final-1024x234.png 1024w, https:\/\/medtis.ch\/wp-content\/uploads\/2024\/09\/O.a._OeGHO_Jubilaeumslogo_Initiative_quer_final-300x68.png 300w, https:\/\/medtis.ch\/wp-content\/uploads\/2024\/09\/O.a._OeGHO_Jubilaeumslogo_Initiative_quer_final-768x175.png 768w, https:\/\/medtis.ch\/wp-content\/uploads\/2024\/09\/O.a._OeGHO_Jubilaeumslogo_Initiative_quer_final-1536x350.png 1536w, https:\/\/medtis.ch\/wp-content\/uploads\/2024\/09\/O.a._OeGHO_Jubilaeumslogo_Initiative_quer_final-2048x467.png 2048w, https:\/\/medtis.ch\/wp-content\/uploads\/2024\/09\/O.a._OeGHO_Jubilaeumslogo_Initiative_quer_final-18x4.png 18w\" sizes=\"(max-width: 1024px) 100vw, 1024px\" \/><\/figure>\n\n\n\n<h5 class=\"wp-block-heading\"><\/h5>\n\n\n\n<div style=\"height:37px\" aria-hidden=\"true\" class=\"wp-block-spacer\"><\/div>\n\n\n\n<h4 class=\"wp-block-heading has-medium-font-size\"><strong>Veranstaltungsort<\/strong><\/h4>\n\n\n\n<p>Novotel Wien Hauptbahnhof<br>Canettistra\u00dfe 6, 1100 Wien&nbsp;<br>\u00d6sterreich<\/p>\n\n\n\n<div style=\"height:34px\" aria-hidden=\"true\" class=\"wp-block-spacer\"><\/div>\n\n\n\n<p><strong>Save the Date  4. Connected in GI Cancer 2027<\/strong><br>14. Januar 2027 in Wien <\/p>","protected":false},"excerpt":{"rendered":"<p>Praxisrelevante Studien f\u00fcr die \u00f6sterreichische Praxis zusammengefasst inkl. ASCO GI 2026<\/p>","protected":false},"author":1,"featured_media":2958,"comment_status":"closed","ping_status":"closed","sticky":false,"template":"","format":"standard","meta":{"footnotes":""},"categories":[16,45,56],"tags":[168],"class_list":["post-2956","post","type-post","status-publish","format-standard","has-post-thumbnail","hentry","category-austria","category-oncology","category-passed","tag-15-januar-2026"],"_links":{"self":[{"href":"https:\/\/medtis.ch\/en\/wp-json\/wp\/v2\/posts\/2956","targetHints":{"allow":["GET"]}}],"collection":[{"href":"https:\/\/medtis.ch\/en\/wp-json\/wp\/v2\/posts"}],"about":[{"href":"https:\/\/medtis.ch\/en\/wp-json\/wp\/v2\/types\/post"}],"author":[{"embeddable":true,"href":"https:\/\/medtis.ch\/en\/wp-json\/wp\/v2\/users\/1"}],"replies":[{"embeddable":true,"href":"https:\/\/medtis.ch\/en\/wp-json\/wp\/v2\/comments?post=2956"}],"version-history":[{"count":8,"href":"https:\/\/medtis.ch\/en\/wp-json\/wp\/v2\/posts\/2956\/revisions"}],"predecessor-version":[{"id":3234,"href":"https:\/\/medtis.ch\/en\/wp-json\/wp\/v2\/posts\/2956\/revisions\/3234"}],"wp:featuredmedia":[{"embeddable":true,"href":"https:\/\/medtis.ch\/en\/wp-json\/wp\/v2\/media\/2958"}],"wp:attachment":[{"href":"https:\/\/medtis.ch\/en\/wp-json\/wp\/v2\/media?parent=2956"}],"wp:term":[{"taxonomy":"category","embeddable":true,"href":"https:\/\/medtis.ch\/en\/wp-json\/wp\/v2\/categories?post=2956"},{"taxonomy":"post_tag","embeddable":true,"href":"https:\/\/medtis.ch\/en\/wp-json\/wp\/v2\/tags?post=2956"}],"curies":[{"name":"wp","href":"https:\/\/api.w.org\/{rel}","templated":true}]}}