{"id":3124,"date":"2025-12-10T13:49:02","date_gmt":"2025-12-10T13:49:02","guid":{"rendered":"https:\/\/medtis.ch\/?p=3124"},"modified":"2026-04-07T08:08:21","modified_gmt":"2026-04-07T08:08:21","slug":"battle-of-onco-minds","status":"publish","type":"post","link":"https:\/\/medtis.ch\/en\/2025\/12\/10\/battle-of-onco-minds\/","title":{"rendered":"Battle of Onco-Minds Bern"},"content":{"rendered":"<p><strong>Wir laden Sie herzlich ein zur Veranstaltung \u201eBattle of Onco-Minds\u201c am 4. Juni 2026 im Inselspital Bern.<\/strong><br>Freuen Sie sich auf einen spannenden Austausch zu interdisziplin\u00e4ren Perspektiven und innovativen Ans\u00e4tzen in der Uro-Onkologie.&nbsp;<\/p>\n\n\n\n<figure class=\"wp-block-image size-large is-resized\"><img fetchpriority=\"high\" decoding=\"async\" width=\"1024\" height=\"727\" src=\"https:\/\/medtis.ch\/wp-content\/uploads\/2025\/12\/Battle-of-Onco-Minds-Bern-2026_Programmflyer_Seite_1-1024x727.png\" alt=\"\" class=\"wp-image-3445\" style=\"width:798px;height:auto\" srcset=\"https:\/\/medtis.ch\/wp-content\/uploads\/2025\/12\/Battle-of-Onco-Minds-Bern-2026_Programmflyer_Seite_1-1024x727.png 1024w, https:\/\/medtis.ch\/wp-content\/uploads\/2025\/12\/Battle-of-Onco-Minds-Bern-2026_Programmflyer_Seite_1-300x213.png 300w, https:\/\/medtis.ch\/wp-content\/uploads\/2025\/12\/Battle-of-Onco-Minds-Bern-2026_Programmflyer_Seite_1-768x545.png 768w, https:\/\/medtis.ch\/wp-content\/uploads\/2025\/12\/Battle-of-Onco-Minds-Bern-2026_Programmflyer_Seite_1-1536x1091.png 1536w, https:\/\/medtis.ch\/wp-content\/uploads\/2025\/12\/Battle-of-Onco-Minds-Bern-2026_Programmflyer_Seite_1-2048x1454.png 2048w, https:\/\/medtis.ch\/wp-content\/uploads\/2025\/12\/Battle-of-Onco-Minds-Bern-2026_Programmflyer_Seite_1-18x12.png 18w\" sizes=\"(max-width: 1024px) 100vw, 1024px\" \/><\/figure>\n\n\n\n<div class=\"wp-block-columns is-layout-flex wp-container-core-columns-is-layout-9d6595d7 wp-block-columns-is-layout-flex\">\n<div class=\"wp-block-column is-layout-flow wp-block-column-is-layout-flow\"><\/div>\n<\/div>\n\n\n\n<p class=\"has-medium-font-size\"><strong>Programm<\/strong><\/p>\n\n\n\n<p>Das vorliegende Programm bietet einen umfassenden \u00dcberblick \u00fcber aktuelle Entwicklungen in der Uro-Onkologie mit besonderem Fokus auf das Prostatakarzinom. Renommierte Fachleute aus verschiedenen Disziplinen \u2013 Urologie, Uro-Onkologie, Radio-Onkologie und Nuklear-Onkologie \u2013 teilen ihre Perspektiven und neueste Erkenntnisse. Neben spannenden Vortr\u00e4gen steht der interdisziplin\u00e4re Austausch im Mittelpunkt, um praxisnahe L\u00f6sungen und innovative Ans\u00e4tze zu diskutieren. Abgerundet wird die Veranstaltung durch eine Networking-Gelegenheit, die den Dialog zwischen Expert:innen f\u00f6rdert.<\/p>\n\n\n\n<figure class=\"wp-block-image size-large is-resized\"><img decoding=\"async\" width=\"1024\" height=\"727\" src=\"https:\/\/medtis.ch\/wp-content\/uploads\/2025\/12\/BoOM_Print_Update_Seite_2-1024x727.png\" alt=\"\" class=\"wp-image-3509\" style=\"width:798px;height:auto\" srcset=\"https:\/\/medtis.ch\/wp-content\/uploads\/2025\/12\/BoOM_Print_Update_Seite_2-1024x727.png 1024w, https:\/\/medtis.ch\/wp-content\/uploads\/2025\/12\/BoOM_Print_Update_Seite_2-300x213.png 300w, https:\/\/medtis.ch\/wp-content\/uploads\/2025\/12\/BoOM_Print_Update_Seite_2-768x545.png 768w, https:\/\/medtis.ch\/wp-content\/uploads\/2025\/12\/BoOM_Print_Update_Seite_2-1536x1091.png 1536w, https:\/\/medtis.ch\/wp-content\/uploads\/2025\/12\/BoOM_Print_Update_Seite_2-2048x1454.png 2048w, https:\/\/medtis.ch\/wp-content\/uploads\/2025\/12\/BoOM_Print_Update_Seite_2-18x12.png 18w\" sizes=\"(max-width: 1024px) 100vw, 1024px\" \/><\/figure>\n\n\n\n<div class=\"wp-block-columns is-layout-flex wp-container-core-columns-is-layout-9d6595d7 wp-block-columns-is-layout-flex\">\n<div class=\"wp-block-column is-layout-flow wp-block-column-is-layout-flow\"><\/div>\n<\/div>\n\n\n\n<p class=\"has-medium-font-size\"><strong>Anmeldung<\/strong><\/p>\n\n\n\n<p>Die Anmeldung und Teilnahme ist kostenlos. Melden Sie sich direkt via Formular an.<\/p>\n\n\n\n<p>Nutzen Sie die Gelegenheit, Ihr Wissen zu erweitern und sich mit Kolleg:innen zu vernetzen.<\/p>\n\n\n\n<p>Wir freuen uns auf Ihre Teilnahme!<\/p>\n\n\n\n<div class=\"wp-block-buttons is-layout-flex wp-block-buttons-is-layout-flex\">\n<div class=\"wp-block-button\"><a class=\"wp-block-button__link has-background has-text-align-center wp-element-button\" href=\"https:\/\/docs.google.com\/forms\/d\/e\/1FAIpQLSdzMq8B0JrJH-jbKPmCEywyRL4pcGrATQiXqAiQlF0hMfBNaw\/viewform?usp=publish-editor\" style=\"background-color:#1693bb\"><strong>Zum Anmeldungsformular<\/strong><\/a><\/div>\n<\/div>\n\n\n\n<div class=\"wp-block-columns is-layout-flex wp-container-core-columns-is-layout-9d6595d7 wp-block-columns-is-layout-flex\">\n<div class=\"wp-block-column is-layout-flow wp-block-column-is-layout-flow\">\n<div class=\"wp-block-columns is-layout-flex wp-container-core-columns-is-layout-9d6595d7 wp-block-columns-is-layout-flex\">\n<div class=\"wp-block-column is-layout-flow wp-block-column-is-layout-flow\"><\/div>\n<\/div>\n<\/div>\n<\/div>\n\n\n\n<p class=\"has-medium-font-size\"><strong>Fortbildungspunkte<\/strong><\/p>\n\n\n\n<p>F\u00fcr diese Veranstaltung wurden folgende Fortbildungspunkte best\u00e4tigt:<\/p>\n\n\n\n<ul class=\"wp-block-list\">\n<li><strong>SGMO Credits:<\/strong>&nbsp;2 CME<\/li>\n\n\n\n<li><strong>SGU Credits:<\/strong>&nbsp;2 CME<\/li>\n\n\n\n<li><strong>SGNM Credits:<\/strong>&nbsp;2 CME<\/li>\n\n\n\n<li><strong>SSRO Credits:<\/strong>&nbsp;2 CME<\/li>\n<\/ul>\n\n\n\n<p><\/p>\n\n\n\n<div class=\"wp-block-columns is-layout-flex wp-container-core-columns-is-layout-9d6595d7 wp-block-columns-is-layout-flex\">\n<div class=\"wp-block-column is-layout-flow wp-block-column-is-layout-flow\"><\/div>\n<\/div>\n\n\n\n<h2 class=\"wp-block-heading has-medium-font-size\"><strong>Veranstaltungsort<\/strong><\/h2>\n\n\n\n<p>Inselspital Bern<br>Freiburgstrasse 31, 3010 Bern<br>Schweiz<\/p>\n\n\n\n<p><\/p>","protected":false},"excerpt":{"rendered":"<p>Interdisziplin\u00e4re Perspektiven und innovative Ans\u00e4tze in der Uro-Onkologie<\/p>","protected":false},"author":5,"featured_media":3125,"comment_status":"closed","ping_status":"closed","sticky":false,"template":"","format":"standard","meta":{"footnotes":""},"categories":[148,45,187,137],"tags":[179],"class_list":["post-3124","post","type-post","status-publish","format-standard","has-post-thumbnail","hentry","category-nuclear-medicine","category-oncology","category-radiation-oncology","category-urology","tag-4-juni-2026-2"],"_links":{"self":[{"href":"https:\/\/medtis.ch\/en\/wp-json\/wp\/v2\/posts\/3124","targetHints":{"allow":["GET"]}}],"collection":[{"href":"https:\/\/medtis.ch\/en\/wp-json\/wp\/v2\/posts"}],"about":[{"href":"https:\/\/medtis.ch\/en\/wp-json\/wp\/v2\/types\/post"}],"author":[{"embeddable":true,"href":"https:\/\/medtis.ch\/en\/wp-json\/wp\/v2\/users\/5"}],"replies":[{"embeddable":true,"href":"https:\/\/medtis.ch\/en\/wp-json\/wp\/v2\/comments?post=3124"}],"version-history":[{"count":33,"href":"https:\/\/medtis.ch\/en\/wp-json\/wp\/v2\/posts\/3124\/revisions"}],"predecessor-version":[{"id":3510,"href":"https:\/\/medtis.ch\/en\/wp-json\/wp\/v2\/posts\/3124\/revisions\/3510"}],"wp:featuredmedia":[{"embeddable":true,"href":"https:\/\/medtis.ch\/en\/wp-json\/wp\/v2\/media\/3125"}],"wp:attachment":[{"href":"https:\/\/medtis.ch\/en\/wp-json\/wp\/v2\/media?parent=3124"}],"wp:term":[{"taxonomy":"category","embeddable":true,"href":"https:\/\/medtis.ch\/en\/wp-json\/wp\/v2\/categories?post=3124"},{"taxonomy":"post_tag","embeddable":true,"href":"https:\/\/medtis.ch\/en\/wp-json\/wp\/v2\/tags?post=3124"}],"curies":[{"name":"wp","href":"https:\/\/api.w.org\/{rel}","templated":true}]}}