{"id":4051,"date":"2026-05-22T18:12:00","date_gmt":"2026-05-22T18:12:00","guid":{"rendered":"https:\/\/medtis.ch\/?p=4051"},"modified":"2026-09-05T14:31:31","modified_gmt":"2026-09-05T14:31:31","slug":"prurit-fr26","status":"publish","type":"post","link":"https:\/\/medtis.ch\/en\/2026\/05\/22\/prurit-fr26\/","title":{"rendered":"Comprendre le prurit \u2013 De la recommandation \u00e0 la pratique"},"content":{"rendered":"<figure class=\"wp-block-image size-large\"><img fetchpriority=\"high\" decoding=\"async\" width=\"1024\" height=\"477\" src=\"https:\/\/medtis.ch\/wp-content\/uploads\/2026\/05\/Bildschirmfoto-2026-09-05-um-15.46.54-1024x477.png\" alt=\"\" class=\"wp-image-4120\" srcset=\"https:\/\/medtis.ch\/wp-content\/uploads\/2026\/05\/Bildschirmfoto-2026-09-05-um-15.46.54-1024x477.png 1024w, https:\/\/medtis.ch\/wp-content\/uploads\/2026\/05\/Bildschirmfoto-2026-09-05-um-15.46.54-300x140.png 300w, https:\/\/medtis.ch\/wp-content\/uploads\/2026\/05\/Bildschirmfoto-2026-09-05-um-15.46.54-768x357.png 768w, https:\/\/medtis.ch\/wp-content\/uploads\/2026\/05\/Bildschirmfoto-2026-09-05-um-15.46.54-1536x715.png 1536w, https:\/\/medtis.ch\/wp-content\/uploads\/2026\/05\/Bildschirmfoto-2026-09-05-um-15.46.54-2048x953.png 2048w, https:\/\/medtis.ch\/wp-content\/uploads\/2026\/05\/Bildschirmfoto-2026-09-05-um-15.46.54-18x8.png 18w\" sizes=\"(max-width: 1024px) 100vw, 1024px\" \/><\/figure>\n\n\n\n<p class=\"has-medium-font-size wp-block-paragraph\"><strong>Webinaire | Mercredi 21 octobre 2026 | 18h00 \u2013 19h00<\/strong><\/p>\n\n\n\n<p class=\"wp-block-paragraph\"><strong>Langue:<\/strong>\u00a0Fran\u00e7ais<\/p>\n\n\n\n<div class=\"wp-block-buttons is-layout-flex wp-block-buttons-is-layout-flex\">\n<div class=\"wp-block-button is-style-fill\"><a class=\"wp-block-button__link has-white-color has-text-color has-background has-link-color wp-element-button\" href=\"https:\/\/forms.cloud.microsoft\/e\/YkbEtiFRTf\" style=\"background:linear-gradient(135deg,rgb(102,76,78) 0%,rgb(188,132,91) 100%)\"><strong>Inscrivez-vous ici<\/strong><\/a><\/div>\n<\/div>\n\n\n\n<div style=\"height:56px\" aria-hidden=\"true\" class=\"wp-block-spacer\"><\/div>\n\n\n\n<p class=\"wp-block-paragraph\">Ce webinaire accr\u00e9dit\u00e9 CME propose une vue d\u2019ensemble approfondie des recommandations nationales et internationales actuelles ainsi que des nouvelles recommandations destin\u00e9es \u00e0 la pratique clinique. \u00c0 l\u2019aide d\u2019exemples concrets, des experts renomm\u00e9s de Suisse et de France discuteront des approches th\u00e9rapeutiques efficaces visant \u00e0 soulager les sympt\u00f4mes et \u00e0 am\u00e9liorer la qualit\u00e9 de vie. Le programme sera compl\u00e9t\u00e9 par des formats interactifs tels que des sondages en direct et une session de questions-r\u00e9ponses (Q&amp;A), favorisant des \u00e9changes dynamiques et offrant des perspectives pr\u00e9cieuses.<\/p>\n\n\n\n<div style=\"height:50px\" aria-hidden=\"true\" class=\"wp-block-spacer\"><\/div>\n\n\n\n<p class=\"wp-block-paragraph\" style=\"font-size:18px\"><strong>Programme<\/strong><\/p>\n\n\n\n<p class=\"wp-block-paragraph\" style=\"font-size:16px\"><strong><br><\/strong>18h00<strong> <\/strong><br><strong>Bienvenue et introduction\u00a0<\/strong><\/p>\n\n\n\n<p class=\"wp-block-paragraph\">18h00 &#8211; 18h20 <br><strong>Recommandations internationales et nationales dans le prurigo nodulaire et la dermatite atopique<\/strong><\/p>\n\n\n\n<p class=\"wp-block-paragraph\">18h20 &#8211; 18h55 <br><strong>Cas cliniques et mise en pratique des recommandations au quotidien<\/strong> <\/p>\n\n\n\n<p class=\"wp-block-paragraph\"><strong>Cas 1: Dermatite atopique avec prurit s\u00e9v\u00e8re \u2014 quelle est la prochaine \u00e9tape?<\/strong><\/p>\n\n\n\n<ul class=\"wp-block-list\">\n<li>&#8211; Pr\u00e9sentation du cas et discussion<\/li>\n\n\n\n<li>&#8211; questions interactives <\/li>\n<\/ul>\n\n\n\n<div style=\"height:8px\" aria-hidden=\"true\" class=\"wp-block-spacer\"><\/div>\n\n\n\n<p class=\"wp-block-paragraph\"><strong>Cas 2: Prurigo nodulaire \u2014 quelles autres options th\u00e9rapeutiques envisager?<\/strong><\/p>\n\n\n\n<ul class=\"wp-block-list\">\n<li>&#8211; Pr\u00e9sentation du cas et discussion<\/li>\n\n\n\n<li>&#8211; Questions interactives <\/li>\n<\/ul>\n\n\n\n<div style=\"height:8px\" aria-hidden=\"true\" class=\"wp-block-spacer\"><\/div>\n\n\n\n<p class=\"wp-block-paragraph\">18h55 &#8211; 19h00<br><strong>Questions-r\u00e9ponses et conclusion <\/strong><br><\/p>\n\n\n\n<div style=\"height:41px\" aria-hidden=\"true\" class=\"wp-block-spacer\"><\/div>\n\n\n\n<p class=\"wp-block-paragraph\" style=\"font-size:18px\"><strong>Registration <\/strong><\/p>\n\n\n\n<div class=\"wp-block-buttons is-layout-flex wp-block-buttons-is-layout-flex\">\n<div class=\"wp-block-button is-style-fill\"><a class=\"wp-block-button__link has-white-color has-text-color has-background has-link-color wp-element-button\" href=\"https:\/\/forms.cloud.microsoft\/e\/YkbEtiFRTf\" style=\"background:linear-gradient(135deg,rgb(102,76,78) 0%,rgb(188,132,91) 100%)\"><strong>Inscrivez-vous ici<\/strong><\/a><\/div>\n<\/div>\n\n\n\n<div style=\"height:15px\" aria-hidden=\"true\" class=\"wp-block-spacer\"><\/div>\n\n\n\n<p class=\"wp-block-paragraph\">La participation gratuite est exclusivement r\u00e9serv\u00e9e aux professionnels de sant\u00e9 ainsi qu\u2019aux repr\u00e9sentants de l\u2019industrie sponsorisant le webinaire. <\/p>\n\n\n\n<div style=\"height:33px\" aria-hidden=\"true\" class=\"wp-block-spacer\"><\/div>\n\n\n\n<p class=\"wp-block-paragraph\" style=\"font-size:18px\"><strong>Pourquoi participer?<\/strong><\/p>\n\n\n\n<ul class=\"wp-block-list\">\n<li>&#8211; Aper\u00e7u exclusif des derni\u00e8res recommandations nationales et internationales<\/li>\n\n\n\n<li>&#8211; Derni\u00e8res recommandations et leur impact sur la pratique clinique ainsi que sur les approches th\u00e9rapeutiques<\/li>\n\n\n\n<li>&#8211; <strong>Exemples pratiques:<\/strong>\u00a0\u00e9change d\u2019exp\u00e9riences dans la prise en charge du prurit s\u00e9v\u00e8re et des manifestations cutan\u00e9es associ\u00e9es<\/li>\n\n\n\n<li>&#8211; <strong>Approches th\u00e9rapeutiques<\/strong>\u00a0discussion de strat\u00e9gies efficaces pour soulager les sympt\u00f4mes et am\u00e9liorer la qualit\u00e9 de vie<\/li>\n\n\n\n<li>&#8211; Possibilit\u00e9 de partager votre propre opinion \u2013 avec Live-Polls et Q&amp;A<\/li>\n\n\n\n<li>&#8211; <strong>\u00c9changes interactifs<\/strong>\u00a0avec des experts renomm\u00e9s de Suisse et de France<\/li>\n<\/ul>\n\n\n\n<div style=\"height:33px\" aria-hidden=\"true\" class=\"wp-block-spacer\"><\/div>\n\n\n\n<p class=\"wp-block-paragraph\" style=\"font-size:18px\"><strong>CME cr\u00e9dits<\/strong><\/p>\n\n\n\n<p class=\"wp-block-paragraph\">Les cr\u00e9dits CME aupr\u00e8s de la Soci\u00e9t\u00e9 Suisse de Dermatologie et de V\u00e9n\u00e9r\u00e9ologie sont demand\u00e9s.<\/p>\n\n\n\n<div style=\"height:67px\" aria-hidden=\"true\" class=\"wp-block-spacer\"><\/div>\n\n\n\n<p class=\"wp-block-paragraph\">Ce webinaire est soutenu financi\u00e8rement par: <\/p>\n\n\n\n<figure class=\"wp-block-image size-large is-resized\"><img decoding=\"async\" width=\"1024\" height=\"216\" src=\"https:\/\/medtis.ch\/wp-content\/uploads\/2026\/05\/Bildschirmfoto-2026-09-05-um-16.08.09-1024x216.png\" alt=\"\" class=\"wp-image-4121\" style=\"width:459px;height:auto\" srcset=\"https:\/\/medtis.ch\/wp-content\/uploads\/2026\/05\/Bildschirmfoto-2026-09-05-um-16.08.09-1024x216.png 1024w, https:\/\/medtis.ch\/wp-content\/uploads\/2026\/05\/Bildschirmfoto-2026-09-05-um-16.08.09-300x63.png 300w, https:\/\/medtis.ch\/wp-content\/uploads\/2026\/05\/Bildschirmfoto-2026-09-05-um-16.08.09-768x162.png 768w, https:\/\/medtis.ch\/wp-content\/uploads\/2026\/05\/Bildschirmfoto-2026-09-05-um-16.08.09-1536x324.png 1536w, https:\/\/medtis.ch\/wp-content\/uploads\/2026\/05\/Bildschirmfoto-2026-09-05-um-16.08.09-18x4.png 18w, https:\/\/medtis.ch\/wp-content\/uploads\/2026\/05\/Bildschirmfoto-2026-09-05-um-16.08.09.png 1866w\" sizes=\"(max-width: 1024px) 100vw, 1024px\" \/><\/figure>\n\n\n\n<div style=\"height:66px\" aria-hidden=\"true\" class=\"wp-block-spacer\"><\/div>\n\n\n\n<div data-wp-interactive=\"core\/file\" class=\"wp-block-file\"><object data-wp-bind--hidden=\"!state.hasPdfPreview\" hidden class=\"wp-block-file__embed\" data=\"https:\/\/medtis.ch\/wp-content\/uploads\/2026\/05\/AD-und-PN-Romandie.pdf\" type=\"application\/pdf\" style=\"width:100%;height:600px\" aria-label=\"Embed of T\u00e9l\u00e9charger le flyer ici.\"><\/object><a id=\"wp-block-file--media-3756b698-e2e8-43ea-93b2-3f62e25a43fa\" href=\"https:\/\/medtis.ch\/wp-content\/uploads\/2026\/05\/AD-und-PN-Romandie.pdf\">T\u00e9l\u00e9charger le flyer ici<\/a><\/div>","protected":false},"excerpt":{"rendered":"<p>Guidelines et prise en charge pratique de la dermatite atopique (DA) et du prurigo nodulaire<br \/>\n(PN)<\/p>","protected":false},"author":1,"featured_media":4124,"comment_status":"closed","ping_status":"closed","sticky":false,"template":"","format":"standard","meta":{"footnotes":""},"categories":[51,157],"tags":[212],"class_list":["post-4051","post","type-post","status-publish","format-standard","has-post-thumbnail","hentry","category-dermatology","category-gp","tag-21-octobre-2026"],"_links":{"self":[{"href":"https:\/\/medtis.ch\/en\/wp-json\/wp\/v2\/posts\/4051","targetHints":{"allow":["GET"]}}],"collection":[{"href":"https:\/\/medtis.ch\/en\/wp-json\/wp\/v2\/posts"}],"about":[{"href":"https:\/\/medtis.ch\/en\/wp-json\/wp\/v2\/types\/post"}],"author":[{"embeddable":true,"href":"https:\/\/medtis.ch\/en\/wp-json\/wp\/v2\/users\/1"}],"replies":[{"embeddable":true,"href":"https:\/\/medtis.ch\/en\/wp-json\/wp\/v2\/comments?post=4051"}],"version-history":[{"count":20,"href":"https:\/\/medtis.ch\/en\/wp-json\/wp\/v2\/posts\/4051\/revisions"}],"predecessor-version":[{"id":4144,"href":"https:\/\/medtis.ch\/en\/wp-json\/wp\/v2\/posts\/4051\/revisions\/4144"}],"wp:featuredmedia":[{"embeddable":true,"href":"https:\/\/medtis.ch\/en\/wp-json\/wp\/v2\/media\/4124"}],"wp:attachment":[{"href":"https:\/\/medtis.ch\/en\/wp-json\/wp\/v2\/media?parent=4051"}],"wp:term":[{"taxonomy":"category","embeddable":true,"href":"https:\/\/medtis.ch\/en\/wp-json\/wp\/v2\/categories?post=4051"},{"taxonomy":"post_tag","embeddable":true,"href":"https:\/\/medtis.ch\/en\/wp-json\/wp\/v2\/tags?post=4051"}],"curies":[{"name":"wp","href":"https:\/\/api.w.org\/{rel}","templated":true}]}}